{"id":59985,"date":"2025-11-22T14:43:06","date_gmt":"2025-11-22T13:43:06","guid":{"rendered":"https:\/\/www.epicerie-lasource.org\/magasin\/?p=59985"},"modified":"2025-11-22T15:26:18","modified_gmt":"2025-11-22T14:26:18","slug":"les-recettes-de-la-source-salade-de-riz-a-la-salicorne-et-maquereaux","status":"publish","type":"post","link":"https:\/\/www.epicerie-lasource.org\/magasin\/2025\/11\/22\/les-recettes-de-la-source-salade-de-riz-a-la-salicorne-et-maquereaux\/","title":{"rendered":"Les recettes de la source : Salade de riz \u00e0 la salicorne et maquereaux"},"content":{"rendered":"<figure id=\"attachment_59149\" aria-describedby=\"caption-attachment-59149\" style=\"width: 300px\" class=\"wp-caption alignnone\"><img loading=\"lazy\" decoding=\"async\" class=\"size-medium wp-image-59149\" src=\"https:\/\/www.epicerie-lasource.org\/magasin\/wp-content\/uploads\/2025\/10\/Salade-de-riz-a-la-salicorne-et-maquereaux-aux-herbes-1-300x213.jpg\" alt=\"Salade-de-riz-a-la-salicorne-et-maquereaux-aux-herbes Ingr\u00e9dients (pour 4 personnes) 300 g de riz (type Camargue ) 1 bo\u00eete de maquereaux ou sardines aromatis\u00e9es 100 g de salicorne en bocal 1 poivron rouge coup\u00e9 en d\u00e9s 1 concombre coup\u00e9 en d\u00e9s 200 g de tomates cerises coup\u00e9es en deux 2 \u00e9chalotes finement \u00e9minc\u00e9es 2 \u0153ufs durs 2 c. olives vertes 6 c. \u00e0 soupe d\u2019huile d\u2019olive 3 c. \u00e0 soupe de vinaigre balsamique Sel, poivre, piment doux ou moulu Pr\u00e9paration uire le riz selon les instructions, l\u2019\u00e9goutter et le laisser refroidir. Cuire les \u0153ufs durs si vous les utilisez, puis les couper en rondelles. Pr\u00e9parer les l\u00e9gumes : couper le concombre, le poivron et les tomates. \u00c9goutter les c\u00e2pres ou olives. Rincer la salicorne \u00e0 l\u2019eau froide, \u00c9goutter les maquereaux ou sardines et les \u00e9mietter grossi\u00e8rement. Assembler tous les ingr\u00e9dients dans un grand saladier. Pr\u00e9parer la vinaigrette : m\u00e9langer huile, vinaigre, \u00e9chalotes, sel, poivre et piment. Verser la vinaigrette sur la salade, bien m\u00e9langer et r\u00e9server au frais 30 minutes avant de servir.\" width=\"300\" height=\"213\" srcset=\"https:\/\/www.epicerie-lasource.org\/magasin\/wp-content\/uploads\/2025\/10\/Salade-de-riz-a-la-salicorne-et-maquereaux-aux-herbes-1-300x213.jpg 300w, https:\/\/www.epicerie-lasource.org\/magasin\/wp-content\/uploads\/2025\/10\/Salade-de-riz-a-la-salicorne-et-maquereaux-aux-herbes-1-1024x726.jpg 1024w, https:\/\/www.epicerie-lasource.org\/magasin\/wp-content\/uploads\/2025\/10\/Salade-de-riz-a-la-salicorne-et-maquereaux-aux-herbes-1-768x545.jpg 768w, https:\/\/www.epicerie-lasource.org\/magasin\/wp-content\/uploads\/2025\/10\/Salade-de-riz-a-la-salicorne-et-maquereaux-aux-herbes-1-600x426.jpg 600w, https:\/\/www.epicerie-lasource.org\/magasin\/wp-content\/uploads\/2025\/10\/Salade-de-riz-a-la-salicorne-et-maquereaux-aux-herbes-1-1536x1090.jpg 1536w, https:\/\/www.epicerie-lasource.org\/magasin\/wp-content\/uploads\/2025\/10\/Salade-de-riz-a-la-salicorne-et-maquereaux-aux-herbes-1.jpg 1748w\" sizes=\"(max-width: 300px) 100vw, 300px\" \/><figcaption id=\"caption-attachment-59149\" class=\"wp-caption-text\">\ud83e\udd57 <strong>Une salade qui sent l\u2019\u00e9t\u00e9 et les embruns\u2026\u00a0 \u00a0 \u00a0 \u00a0 \u00a0 \u00a0 \u00a0 \u00a0 \u00a0 \u00a0 \u00a0 \u00a0 \u00a0 \u00a0 \u00a0 \u00a0 \u00a0 \u00a0 \u00a0 \u00a0 \u00a0 \u00a0 \u00a0 \u00a0 \u00a0 \u00a0 \u00a0 \u00a0 \u00a0<\/strong> Riz, maquereaux aux herbes, salicorne croquante, l\u00e9gumes frais et \u0153ufs durs : chaque ingr\u00e9dient \u00e9voque les pique-niques au bord de l\u2019eau, les repas l\u00e9gers sous le soleil, les grandes tabl\u00e9es en plein air.<br \/>\u2600\ufe0f C\u2019est frais, color\u00e9, iod\u00e9. \u00c0 pr\u00e9parer \u00e0 l\u2019avance, \u00e0 servir bien frais, \u00e0 partager quand les journ\u00e9es s\u2019\u00e9tirent et que l\u2019\u00e9t\u00e9 s\u2019installe dans les assiettes.<\/figcaption><\/figure>\n","protected":false},"excerpt":{"rendered":"","protected":false},"author":33,"featured_media":0,"comment_status":"closed","ping_status":"closed","sticky":false,"template":"","format":"standard","meta":{"footnotes":""},"categories":[252],"tags":[],"_links":{"self":[{"href":"https:\/\/www.epicerie-lasource.org\/magasin\/wp-json\/wp\/v2\/posts\/59985"}],"collection":[{"href":"https:\/\/www.epicerie-lasource.org\/magasin\/wp-json\/wp\/v2\/posts"}],"about":[{"href":"https:\/\/www.epicerie-lasource.org\/magasin\/wp-json\/wp\/v2\/types\/post"}],"author":[{"embeddable":true,"href":"https:\/\/www.epicerie-lasource.org\/magasin\/wp-json\/wp\/v2\/users\/33"}],"replies":[{"embeddable":true,"href":"https:\/\/www.epicerie-lasource.org\/magasin\/wp-json\/wp\/v2\/comments?post=59985"}],"version-history":[{"count":1,"href":"https:\/\/www.epicerie-lasource.org\/magasin\/wp-json\/wp\/v2\/posts\/59985\/revisions"}],"predecessor-version":[{"id":59986,"href":"https:\/\/www.epicerie-lasource.org\/magasin\/wp-json\/wp\/v2\/posts\/59985\/revisions\/59986"}],"wp:attachment":[{"href":"https:\/\/www.epicerie-lasource.org\/magasin\/wp-json\/wp\/v2\/media?parent=59985"}],"wp:term":[{"taxonomy":"category","embeddable":true,"href":"https:\/\/www.epicerie-lasource.org\/magasin\/wp-json\/wp\/v2\/categories?post=59985"},{"taxonomy":"post_tag","embeddable":true,"href":"https:\/\/www.epicerie-lasource.org\/magasin\/wp-json\/wp\/v2\/tags?post=59985"}],"curies":[{"name":"wp","href":"https:\/\/api.w.org\/{rel}","templated":true}]}}