{"id":59975,"date":"2025-11-22T14:17:33","date_gmt":"2025-11-22T13:17:33","guid":{"rendered":"https:\/\/www.epicerie-lasource.org\/magasin\/?p=59975"},"modified":"2025-11-22T15:27:07","modified_gmt":"2025-11-22T14:27:07","slug":"les-recettes-de-la-source-pates-aux-sardines-aromatisees","status":"publish","type":"post","link":"https:\/\/www.epicerie-lasource.org\/magasin\/2025\/11\/22\/les-recettes-de-la-source-pates-aux-sardines-aromatisees\/","title":{"rendered":"les recettes de la source :P\u00e2tes aux sardines aromatis\u00e9es"},"content":{"rendered":"<figure id=\"attachment_59155\" aria-describedby=\"caption-attachment-59155\" style=\"width: 300px\" class=\"wp-caption alignnone\"><img loading=\"lazy\" decoding=\"async\" class=\"size-medium wp-image-59155\" src=\"https:\/\/www.epicerie-lasource.org\/magasin\/wp-content\/uploads\/2025\/10\/PATES-AUX-SARDINES-AROMATISEES-TOMATES-ET-BASILIC-1-300x213.jpg\" alt=\"P\u00c2TES AUX SARDINES AROMATIS\u00c9ES,TOMATES ETBASILIC Ingr\u00e9dients pour 2 \u00e0 3 personnes 250 g de p\u00e2tes 1 bo\u00eete de sardines aromatis\u00e9es \u00e0 la sauce escab\u00e8che et \u00e0 la sauce tomate au basilic 200 ml de sauce tomate au basilic 3 tomates fra\u00eeches bien m\u00fbres 1 \u00e9chalote ou petit oignon 1 gousse d\u2019ail Huile d\u2019olive Feta de ch\u00e8vre \u00e9miett\u00e9e (facultatif) Sel, poivre Basilic frais Pr\u00e9paration : Cuire les p\u00e2tes dans une grande casserole d\u2019eau sal\u00e9e. faire revenir l\u2019\u00e9chalote et l\u2019ail dans un peu d\u2019huile d\u2019olive. Ajouter la sauce tomate au basilic et les tomates fra\u00eeches coup\u00e9es en d\u00e9s. Laisser mijoter 10 minutes. Ajouter les sardines et bien m\u00e9langer. \u00c9goutter les p\u00e2tes et les m\u00e9langer \u00e0 la sauce. Ajouter la feta de ch\u00e8vre et le basilic frais. Servir chaud.\" width=\"300\" height=\"213\" srcset=\"https:\/\/www.epicerie-lasource.org\/magasin\/wp-content\/uploads\/2025\/10\/PATES-AUX-SARDINES-AROMATISEES-TOMATES-ET-BASILIC-1-300x213.jpg 300w, https:\/\/www.epicerie-lasource.org\/magasin\/wp-content\/uploads\/2025\/10\/PATES-AUX-SARDINES-AROMATISEES-TOMATES-ET-BASILIC-1-1024x726.jpg 1024w, https:\/\/www.epicerie-lasource.org\/magasin\/wp-content\/uploads\/2025\/10\/PATES-AUX-SARDINES-AROMATISEES-TOMATES-ET-BASILIC-1-768x545.jpg 768w, https:\/\/www.epicerie-lasource.org\/magasin\/wp-content\/uploads\/2025\/10\/PATES-AUX-SARDINES-AROMATISEES-TOMATES-ET-BASILIC-1-600x426.jpg 600w, https:\/\/www.epicerie-lasource.org\/magasin\/wp-content\/uploads\/2025\/10\/PATES-AUX-SARDINES-AROMATISEES-TOMATES-ET-BASILIC-1-1536x1090.jpg 1536w, https:\/\/www.epicerie-lasource.org\/magasin\/wp-content\/uploads\/2025\/10\/PATES-AUX-SARDINES-AROMATISEES-TOMATES-ET-BASILIC-1.jpg 1748w\" sizes=\"(max-width: 300px) 100vw, 300px\" \/><figcaption id=\"caption-attachment-59155\" class=\"wp-caption-text\">\ud83c\udf5d <strong>Un tour d\u2019Italie express, version sardines et basilic<\/strong> P\u00e2tes al dente, sauce tomate maison, \u00e9clats de sardines \u00e0 l\u2019escab\u00e8che\u2026 Une recette simple, rapide, et pleine de soleil, \u00e0 parsemer de feta ou de ch\u00e8vre pour une touche finale.<br \/>\ud83c\udf45 Entre les conserves bien choisies et les tomates fra\u00eeches, c\u2019est toute la M\u00e9diterran\u00e9e qui s\u2019invite dans l\u2019assiette. \u00c0 partager \u00e0 deux ou trois, comme une pause gourmande apr\u00e8s le march\u00e9 ou avant une soir\u00e9e<\/figcaption><\/figure>\n","protected":false},"excerpt":{"rendered":"","protected":false},"author":33,"featured_media":0,"comment_status":"closed","ping_status":"closed","sticky":false,"template":"","format":"standard","meta":{"footnotes":""},"categories":[252],"tags":[],"_links":{"self":[{"href":"https:\/\/www.epicerie-lasource.org\/magasin\/wp-json\/wp\/v2\/posts\/59975"}],"collection":[{"href":"https:\/\/www.epicerie-lasource.org\/magasin\/wp-json\/wp\/v2\/posts"}],"about":[{"href":"https:\/\/www.epicerie-lasource.org\/magasin\/wp-json\/wp\/v2\/types\/post"}],"author":[{"embeddable":true,"href":"https:\/\/www.epicerie-lasource.org\/magasin\/wp-json\/wp\/v2\/users\/33"}],"replies":[{"embeddable":true,"href":"https:\/\/www.epicerie-lasource.org\/magasin\/wp-json\/wp\/v2\/comments?post=59975"}],"version-history":[{"count":1,"href":"https:\/\/www.epicerie-lasource.org\/magasin\/wp-json\/wp\/v2\/posts\/59975\/revisions"}],"predecessor-version":[{"id":59976,"href":"https:\/\/www.epicerie-lasource.org\/magasin\/wp-json\/wp\/v2\/posts\/59975\/revisions\/59976"}],"wp:attachment":[{"href":"https:\/\/www.epicerie-lasource.org\/magasin\/wp-json\/wp\/v2\/media?parent=59975"}],"wp:term":[{"taxonomy":"category","embeddable":true,"href":"https:\/\/www.epicerie-lasource.org\/magasin\/wp-json\/wp\/v2\/categories?post=59975"},{"taxonomy":"post_tag","embeddable":true,"href":"https:\/\/www.epicerie-lasource.org\/magasin\/wp-json\/wp\/v2\/tags?post=59975"}],"curies":[{"name":"wp","href":"https:\/\/api.w.org\/{rel}","templated":true}]}}