{"id":59942,"date":"2025-11-22T13:09:06","date_gmt":"2025-11-22T12:09:06","guid":{"rendered":"https:\/\/www.epicerie-lasource.org\/magasin\/?p=59942"},"modified":"2025-11-22T13:09:06","modified_gmt":"2025-11-22T12:09:06","slug":"les-recettes-de-la-source-tajine-vegetarien-au-citron-confit","status":"publish","type":"post","link":"https:\/\/www.epicerie-lasource.org\/magasin\/2025\/11\/22\/les-recettes-de-la-source-tajine-vegetarien-au-citron-confit\/","title":{"rendered":"Les recettes de la source: Tajine v\u00e9g\u00e9tarien au citron confit"},"content":{"rendered":"<figure id=\"attachment_59302\" aria-describedby=\"caption-attachment-59302\" style=\"width: 300px\" class=\"wp-caption alignnone\"><img loading=\"lazy\" decoding=\"async\" class=\"size-medium wp-image-59302\" src=\"https:\/\/www.epicerie-lasource.org\/magasin\/wp-content\/uploads\/2025\/10\/Tajine-vegetarien-au-citron-confit-300x213.jpg\" alt=\"Tajine v\u00e9g\u00e9tarien au citron confit Ingr\u00e9dients 4 personnes : 50 g de lentilles vertes 500 g de potimarron en cubes 3 carottes en rondelles 1 poireau ou 1 oignon \u00e9minc\u00e9 2 gousses d\u2019ail 150g d\u2019olives vertes d\u00e9noyaut\u00e9es 1 citron confit coup\u00e9 en petits morceaux 1 c. \u00e0 caf\u00e9 de cumin 1 c. \u00e0 caf\u00e9 de paprika 1 c. \u00e0 caf\u00e9 de curcuma facultatif 2 c. \u00e0 soupe d\u2019huile d\u2019olive Sel, poivre Coriandre ou persil frais Pr\u00e9paration : Cuire les lentilles 20 min dans l\u2019eau avec le laurier. faire revenir l\u2019ail, l\u2019oignon les \u00e9pices dans l\u2019huile. Ajouter les carottes, le potimarron, les olives le citron confit. Verser un verre d\u2019eau, couvrir, laisser mijoter 25 min. Ajouter les lentilles \u00e9goutt\u00e9es, m\u00e9langer cuire encore 5 min. Parsemer de coriandre ou persil avant de servir.\" width=\"300\" height=\"213\" srcset=\"https:\/\/www.epicerie-lasource.org\/magasin\/wp-content\/uploads\/2025\/10\/Tajine-vegetarien-au-citron-confit-300x213.jpg 300w, https:\/\/www.epicerie-lasource.org\/magasin\/wp-content\/uploads\/2025\/10\/Tajine-vegetarien-au-citron-confit-1024x726.jpg 1024w, https:\/\/www.epicerie-lasource.org\/magasin\/wp-content\/uploads\/2025\/10\/Tajine-vegetarien-au-citron-confit-768x545.jpg 768w, https:\/\/www.epicerie-lasource.org\/magasin\/wp-content\/uploads\/2025\/10\/Tajine-vegetarien-au-citron-confit-600x426.jpg 600w, https:\/\/www.epicerie-lasource.org\/magasin\/wp-content\/uploads\/2025\/10\/Tajine-vegetarien-au-citron-confit-1536x1090.jpg 1536w, https:\/\/www.epicerie-lasource.org\/magasin\/wp-content\/uploads\/2025\/10\/Tajine-vegetarien-au-citron-confit.jpg 1748w\" sizes=\"(max-width: 300px) 100vw, 300px\" \/><figcaption id=\"caption-attachment-59302\" class=\"wp-caption-text\">\u2728 <strong>Envie de voyager ?<\/strong> Embarquons pour un petit tour au pays du Maghreb\u2026 \ud83c\udf0d Avec ce <strong>tajine v\u00e9g\u00e9tarien au citron confit<\/strong>, les saveurs nous transportent directement au c\u0153ur des traditions marocaines. Un plat parfum\u00e9, g\u00e9n\u00e9reux et convivial, o\u00f9 les l\u00e9gumes fondants rencontrent l\u2019acidit\u00e9 douce des citrons confits et la richesse des \u00e9pices.<br \/>\ud83e\udd58 \u00c0 d\u00e9guster en groupe, comme une escale gourmande qui fait voyager sans quitter la table.<\/figcaption><\/figure>\n","protected":false},"excerpt":{"rendered":"","protected":false},"author":33,"featured_media":0,"comment_status":"closed","ping_status":"closed","sticky":false,"template":"","format":"standard","meta":{"footnotes":""},"categories":[252],"tags":[],"_links":{"self":[{"href":"https:\/\/www.epicerie-lasource.org\/magasin\/wp-json\/wp\/v2\/posts\/59942"}],"collection":[{"href":"https:\/\/www.epicerie-lasource.org\/magasin\/wp-json\/wp\/v2\/posts"}],"about":[{"href":"https:\/\/www.epicerie-lasource.org\/magasin\/wp-json\/wp\/v2\/types\/post"}],"author":[{"embeddable":true,"href":"https:\/\/www.epicerie-lasource.org\/magasin\/wp-json\/wp\/v2\/users\/33"}],"replies":[{"embeddable":true,"href":"https:\/\/www.epicerie-lasource.org\/magasin\/wp-json\/wp\/v2\/comments?post=59942"}],"version-history":[{"count":2,"href":"https:\/\/www.epicerie-lasource.org\/magasin\/wp-json\/wp\/v2\/posts\/59942\/revisions"}],"predecessor-version":[{"id":59960,"href":"https:\/\/www.epicerie-lasource.org\/magasin\/wp-json\/wp\/v2\/posts\/59942\/revisions\/59960"}],"wp:attachment":[{"href":"https:\/\/www.epicerie-lasource.org\/magasin\/wp-json\/wp\/v2\/media?parent=59942"}],"wp:term":[{"taxonomy":"category","embeddable":true,"href":"https:\/\/www.epicerie-lasource.org\/magasin\/wp-json\/wp\/v2\/categories?post=59942"},{"taxonomy":"post_tag","embeddable":true,"href":"https:\/\/www.epicerie-lasource.org\/magasin\/wp-json\/wp\/v2\/tags?post=59942"}],"curies":[{"name":"wp","href":"https:\/\/api.w.org\/{rel}","templated":true}]}}